{"id":1768,"date":"2024-11-08T16:09:56","date_gmt":"2024-11-08T16:09:56","guid":{"rendered":"https:\/\/fundacao-paodeacucar-auchan.pt\/website\/?p=1768"},"modified":"2024-11-19T18:41:22","modified_gmt":"2024-11-19T18:41:22","slug":"recrutamento","status":"publish","type":"post","link":"https:\/\/fundacao-paodeacucar-auchan.pt\/website\/2024\/11\/08\/recrutamento\/","title":{"rendered":"Recrutamento &#8211; Col\u00e9gios"},"content":{"rendered":"\n<p><strong>Se \u00e9s um profissional da educa\u00e7\u00e3o apaixonado por inovar, transformar a aprendizagem e fazer diferen\u00e7a no dia a dia das crian\u00e7as, junta-te a n\u00f3s e faz parte desta miss\u00e3o inspiradora!<\/strong><\/p>\n\n\n\n<p>Os Col\u00e9gios Rik &amp; Rok, da Funda\u00e7\u00e3o P\u00e3o de A\u00e7\u00facar Auchan, disp\u00f5em de um projeto educativo inovador e diferenciador na \u00e1rea da educa\u00e7\u00e3o, baseado no modelo pedag\u00f3gico High Scope. Este projeto iniciado h\u00e1 14 anos, para al\u00e9m de permitir uma melhor concilia\u00e7\u00e3o entre a Vida Profissional, Vida Familiar e Vida Pessoal, estimula e desenvolve cinco habilidades nas crian\u00e7as, dos&nbsp;4 meses aos&nbsp;6 anos: o aprender a aprender, a criatividade, a resolu\u00e7\u00e3o de problemas, a&nbsp; autonomia e a coopera\u00e7\u00e3o. Estas habilidades do futuro s\u00e3o complementadas com atividades em que todas as crian\u00e7as t\u00eam acesso: a m\u00fasica, dan\u00e7a e a express\u00e3o art\u00edstica, o ingl\u00eas, a rob\u00f3tica, a nata\u00e7\u00e3o e o Jiu Jitsu (a partir dos 3 anos).<\/p>\n\n\n\n<p>Investimos na forma\u00e7\u00e3o dos Educadores, para a boa aplica\u00e7\u00e3o do modelo pedag\u00f3gico adoptado, mas tamb\u00e9m em outras tem\u00e1ticas que valorizam os nossos profissionais e permitam o bom desenvolvimento cognitivo e social das crian\u00e7as; de real\u00e7ar a forma\u00e7\u00e3o realizada neste in\u00edcio de ano lectivo em Escrita Criativa, com Formadora M\u00f3nica Menezes.<\/p>\n\n\n\n<p><\/p>\n\n\n\n<div class=\"wp-block-buttons is-layout-flex wp-block-buttons-is-layout-flex\"><\/div>\n\n\n\n<p><\/p>\n\n\n\n<p>Contacta-nos:<\/p>\n\n\n\n<p>recrutamento@fundacao-paodeacucar-auchan.pt<\/p>\n\n\n\n<p><\/p>\n","protected":false},"excerpt":{"rendered":"<p>Se \u00e9s um profissional da educa\u00e7\u00e3o apaixonado por inovar, transformar a aprendizagem e fazer diferen\u00e7a no dia a dia das crian\u00e7as, junta-te a n\u00f3s e faz parte desta miss\u00e3o inspiradora! Os Col\u00e9gios Rik &amp; Rok, da Funda\u00e7\u00e3o P\u00e3o de A\u00e7\u00facar Auchan, disp\u00f5em de um projeto educativo inovador e diferenciador na \u00e1rea da educa\u00e7\u00e3o, baseado no [&hellip;]<\/p>\n","protected":false},"author":1,"featured_media":1771,"comment_status":"closed","ping_status":"open","sticky":false,"template":"","format":"standard","meta":{"inline_featured_image":false,"footnotes":""},"categories":[3],"tags":[],"class_list":["post-1768","post","type-post","status-publish","format-standard","has-post-thumbnail","hentry","category-noticias"],"_links":{"self":[{"href":"https:\/\/fundacao-paodeacucar-auchan.pt\/website\/wp-json\/wp\/v2\/posts\/1768","targetHints":{"allow":["GET"]}}],"collection":[{"href":"https:\/\/fundacao-paodeacucar-auchan.pt\/website\/wp-json\/wp\/v2\/posts"}],"about":[{"href":"https:\/\/fundacao-paodeacucar-auchan.pt\/website\/wp-json\/wp\/v2\/types\/post"}],"author":[{"embeddable":true,"href":"https:\/\/fundacao-paodeacucar-auchan.pt\/website\/wp-json\/wp\/v2\/users\/1"}],"replies":[{"embeddable":true,"href":"https:\/\/fundacao-paodeacucar-auchan.pt\/website\/wp-json\/wp\/v2\/comments?post=1768"}],"version-history":[{"count":9,"href":"https:\/\/fundacao-paodeacucar-auchan.pt\/website\/wp-json\/wp\/v2\/posts\/1768\/revisions"}],"predecessor-version":[{"id":1787,"href":"https:\/\/fundacao-paodeacucar-auchan.pt\/website\/wp-json\/wp\/v2\/posts\/1768\/revisions\/1787"}],"wp:featuredmedia":[{"embeddable":true,"href":"https:\/\/fundacao-paodeacucar-auchan.pt\/website\/wp-json\/wp\/v2\/media\/1771"}],"wp:attachment":[{"href":"https:\/\/fundacao-paodeacucar-auchan.pt\/website\/wp-json\/wp\/v2\/media?parent=1768"}],"wp:term":[{"taxonomy":"category","embeddable":true,"href":"https:\/\/fundacao-paodeacucar-auchan.pt\/website\/wp-json\/wp\/v2\/categories?post=1768"},{"taxonomy":"post_tag","embeddable":true,"href":"https:\/\/fundacao-paodeacucar-auchan.pt\/website\/wp-json\/wp\/v2\/tags?post=1768"}],"curies":[{"name":"wp","href":"https:\/\/api.w.org\/{rel}","templated":true}]}}