{"id":1590,"date":"2023-08-21T15:49:10","date_gmt":"2023-08-21T15:49:10","guid":{"rendered":"https:\/\/fundacao-paodeacucar-auchan.pt\/website\/?p=1590"},"modified":"2023-08-22T11:56:54","modified_gmt":"2023-08-22T11:56:54","slug":"participe-na-10a-edicao-da-corrida-live-auchan-um-dia-de-desporto-e-diversao-para-todos","status":"publish","type":"post","link":"https:\/\/fundacao-paodeacucar-auchan.pt\/website\/2023\/08\/21\/participe-na-10a-edicao-da-corrida-live-auchan-um-dia-de-desporto-e-diversao-para-todos\/","title":{"rendered":"Participe na 10\u00aa Edi\u00e7\u00e3o da Corrida Live Auchan: Um Dia de Desporto e Divers\u00e3o para Todos!"},"content":{"rendered":"\n<style type=\"text\/css\" data-created_by=\"avia_inline_auto\" id=\"style-css-av-lll12i2e-6e346be88f2507e45e9e1955d01c3548\">\n.avia-image-container.av-lll12i2e-6e346be88f2507e45e9e1955d01c3548 img.avia_image{\nbox-shadow:none;\n}\n.avia-image-container.av-lll12i2e-6e346be88f2507e45e9e1955d01c3548 .av-image-caption-overlay-center{\ncolor:#ffffff;\n}\n<\/style>\n<div  class='avia-image-container av-lll12i2e-6e346be88f2507e45e9e1955d01c3548 av-styling- avia-align-center  avia-builder-el-0  el_before_av_textblock  avia-builder-el-first '   itemprop=\"image\" itemscope=\"itemscope\" itemtype=\"https:\/\/schema.org\/ImageObject\" ><div class=\"avia-image-container-inner\"><div class=\"avia-image-overlay-wrap\"><img decoding=\"async\" class='wp-image-1592 avia-img-lazy-loading-not-1592 avia_image ' src=\"https:\/\/fundacao-paodeacucar-auchan.pt\/website\/wp-content\/uploads\/2023\/08\/artigo_corrida_1310x644.jpg\" alt='' title='artigo_corrida_1310x644'  height=\"644\" width=\"1310\"  itemprop=\"thumbnailUrl\" srcset=\"https:\/\/fundacao-paodeacucar-auchan.pt\/website\/wp-content\/uploads\/2023\/08\/artigo_corrida_1310x644.jpg 1310w, https:\/\/fundacao-paodeacucar-auchan.pt\/website\/wp-content\/uploads\/2023\/08\/artigo_corrida_1310x644-300x147.jpg 300w, https:\/\/fundacao-paodeacucar-auchan.pt\/website\/wp-content\/uploads\/2023\/08\/artigo_corrida_1310x644-1030x506.jpg 1030w, https:\/\/fundacao-paodeacucar-auchan.pt\/website\/wp-content\/uploads\/2023\/08\/artigo_corrida_1310x644-768x378.jpg 768w, https:\/\/fundacao-paodeacucar-auchan.pt\/website\/wp-content\/uploads\/2023\/08\/artigo_corrida_1310x644-705x347.jpg 705w\" sizes=\"(max-width: 1310px) 100vw, 1310px\" \/><\/div><\/div><\/div>\n<section  class='av_textblock_section av-lll0zz0u-65af168970501616c7b20df2b13d9ed0'  itemscope=\"itemscope\" itemtype=\"https:\/\/schema.org\/BlogPosting\" itemprop=\"blogPost\" ><div class='avia_textblock'  itemprop=\"text\" ><h2>Participe na 10\u00aa Edi\u00e7\u00e3o da Corrida Live Auchan: Um Dia de Desporto e Divers\u00e3o para Todos!<\/h2>\n<p><span style=\"font-weight: 400;\">\u00c9 com entusiasmo que anunciamos a <a href=\"https:\/\/www.corridaauchan.pt\/site\/?local=info\"><strong>10\u00aa Edi\u00e7\u00e3o da Corrida Auchan<\/strong><\/a>! Organizado pela <a href=\"https:\/\/www.auchan-retail.pt\/\"><strong>Auchan<\/strong> <\/a>em parceria com a Funda\u00e7\u00e3o P\u00e3o de A\u00e7\u00facar-Auchan, o evento ir\u00e1 decorrer no dia 9 de setembro, no Centro Desportivo Nacional do Jamor, e promete um dia cheio de atividades desportivas, conv\u00edvio e entretenimento para todos os participantes.<\/span> <span style=\"font-weight: 400;\">O evento contar\u00e1 com v\u00e1rias atividades para todas as idades e n\u00edveis de aptid\u00e3o. Desde a Corrida de 10 Km, que desafia os atletas a superarem os seus limites, \u00e0 Caminhada de 5 Km, h\u00e1 algo para todos os entusiastas do desporto. Para os mais novos, a Corrida <strong><a href=\"https:\/\/fundacao-paodeacucar-auchan.pt\/website\/apresentacao-colegios-rikrok\/\">Rik&amp;Rok<\/a><\/strong> \u00e9 uma oportunidade empolgante de participarem neste dia que celebra a solidariedade e o desporto!<\/span> <span style=\"font-weight: 400;\">Al\u00e9m das corridas, os participantes podem esperar uma s\u00e9rie de outras atividades desportivas. Aulas de grupo de CrossFit, canoagem, gin\u00e1stica, ciclismo, golfe, jogos tradicionais e muito mais estar\u00e3o dispon\u00edveis para experimentar, sem necessidade de inscri\u00e7\u00e3o pr\u00e9via.\u00a0<\/span> <span style=\"font-weight: 400;\">E se adora partilhar a sua paix\u00e3o pelo desporto com o seu companheiro de quatro patas, n\u00e3o perca o espa\u00e7o Pet Friendly! Traga o seu patudo e junte-se a uma s\u00e9rie de atividades divertidas e educativas promovidas pela Bribon e Purina. N\u00e3o perca a oportunidade de inscrever o seu c\u00e3ozinho no Pet Challenge e descubra quem \u00e9 o canino mais r\u00e1pido da Corrida Auchan!<\/span> <span style=\"font-weight: 400;\">As inscri\u00e7\u00f5es para este evento est\u00e3o abertas e as receitas revertem para a Funda\u00e7\u00e3o P\u00e3o de A\u00e7\u00facar-Auchan. N\u00e3o perca a oportunidade de participar num dia repleto de desporto, divers\u00e3o e solidariedade.<\/span> <span style=\"font-weight: 400;\">Consulte o <a href=\"https:\/\/www.corridaauchan.pt\/site\/?local=info\"><strong>site da corrida <\/strong><\/a>para obter todas as informa\u00e7\u00f5es necess\u00e1rias e garantir o seu lugar neste evento emocionante. Marque o dia 9 de setembro na sua agenda e junte-se a n\u00f3s no Centro Desportivo Nacional do Jamor para um dia de atividades desportivas, camaradagem e celebra\u00e7\u00e3o do esp\u00edrito desportivo.<\/span><\/p>\n<\/div><\/section>\n","protected":false},"excerpt":{"rendered":"","protected":false},"author":1,"featured_media":1594,"comment_status":"closed","ping_status":"open","sticky":true,"template":"","format":"standard","meta":{"inline_featured_image":false,"footnotes":""},"categories":[3],"tags":[],"class_list":["post-1590","post","type-post","status-publish","format-standard","has-post-thumbnail","hentry","category-noticias"],"_links":{"self":[{"href":"https:\/\/fundacao-paodeacucar-auchan.pt\/website\/wp-json\/wp\/v2\/posts\/1590","targetHints":{"allow":["GET"]}}],"collection":[{"href":"https:\/\/fundacao-paodeacucar-auchan.pt\/website\/wp-json\/wp\/v2\/posts"}],"about":[{"href":"https:\/\/fundacao-paodeacucar-auchan.pt\/website\/wp-json\/wp\/v2\/types\/post"}],"author":[{"embeddable":true,"href":"https:\/\/fundacao-paodeacucar-auchan.pt\/website\/wp-json\/wp\/v2\/users\/1"}],"replies":[{"embeddable":true,"href":"https:\/\/fundacao-paodeacucar-auchan.pt\/website\/wp-json\/wp\/v2\/comments?post=1590"}],"version-history":[{"count":5,"href":"https:\/\/fundacao-paodeacucar-auchan.pt\/website\/wp-json\/wp\/v2\/posts\/1590\/revisions"}],"predecessor-version":[{"id":1607,"href":"https:\/\/fundacao-paodeacucar-auchan.pt\/website\/wp-json\/wp\/v2\/posts\/1590\/revisions\/1607"}],"wp:featuredmedia":[{"embeddable":true,"href":"https:\/\/fundacao-paodeacucar-auchan.pt\/website\/wp-json\/wp\/v2\/media\/1594"}],"wp:attachment":[{"href":"https:\/\/fundacao-paodeacucar-auchan.pt\/website\/wp-json\/wp\/v2\/media?parent=1590"}],"wp:term":[{"taxonomy":"category","embeddable":true,"href":"https:\/\/fundacao-paodeacucar-auchan.pt\/website\/wp-json\/wp\/v2\/categories?post=1590"},{"taxonomy":"post_tag","embeddable":true,"href":"https:\/\/fundacao-paodeacucar-auchan.pt\/website\/wp-json\/wp\/v2\/tags?post=1590"}],"curies":[{"name":"wp","href":"https:\/\/api.w.org\/{rel}","templated":true}]}}